{"id":2965,"date":"2018-11-25T22:00:34","date_gmt":"2018-11-25T21:00:34","guid":{"rendered":"http:\/\/www.vfr-voerstetten.de\/?p=2965"},"modified":"2018-11-27T10:12:10","modified_gmt":"2018-11-27T09:12:10","slug":"vfr-voerstetten-fc-buchholz-herren","status":"publish","type":"post","link":"https:\/\/www.vfr-voerstetten.de\/?p=2965","title":{"rendered":"VfR V\u00f6rstetten &#8211; FC Buchholz (Herren)"},"content":{"rendered":"<p><strong>VfR V\u00f6rstetten &#8211; FC Buchholz 0:2 (0:1) <\/strong><br \/>\nNach dem Ergebnisdebakel am vergangenen Wochenende im Rieselfeld, musste die <strong>erste Mannschaft<\/strong> in ihrem letzten Spiel vor der Winterpause gegen die zweitplatzierten Buchholzer antreten. \u00c4hnlich wie im letzten Spiel begannen die V\u00f6rstetter geordnet, waren defensiv gut aufgestellt und lie\u00dfen am Anfang keine nennenswerten Chancen zu. Die zum Teil sehr gut vorgetragenen Angriffe verpufften jedoch zumeist am Sechzehner des Gegners. Die Buchholzer aggressiv und abgebr\u00fcht ben\u00f6tigten nur eine klare Chance in Halbzeit eins, um in F\u00fchrung zu gehen. A. Pfeiffer schoss dabei seinen 22. Saisontreffer. Mit dem 0:1 ging es in die Kabine. Die zweite Halbzeit war zerfahren, das Spiel ebbte zusehends ab. Der Spielfluss wurde ein ums andere Mal durch Fouls unterbrochen. Auf beiden Seiten waren kaum Chancen zu vermelden. Der Siegtreffer der Buchholzer durch D. Trenkle fiel in einer un\u00fcbersichtlichen Situation in der 70\u201c Minute. Alle Bem\u00fchungen der Hausherren wurden an diesem Tag nicht von Gl\u00fcck belohnt. In der Nachspielzeit wurde sogar ein Elfmeter verschossen. Ein Tag zum Abhaken, obwohl die Mannschaft insgesamt eine sehr gute Leistung geboten hat und viel spielerisches Potential aufweist. <\/p>\n<p>Die <strong>zweite Mannschaft<\/strong> war mal wieder die bessere Mannschaft, konnte jedoch keinen Treffer erzielen und verlor daher sehr ungl\u00fccklich mit 0:1 gegen die zweite Formation des FC Buchholz. Im Sturm fehlt leider der \u201eVollstrecker\u201c, sonst w\u00e4re Buchholz nicht als Sieger vom Platz gegangen. F\u00fcr die zweite Formation des VfR gilt die gleiche Aussage wie f\u00fcr die erste: in der Mannschaft steckt ein gro\u00dfes Potential! Hoffen wir, dass dieses Potential im Jahr 2019 noch besser abgerufen wird. <\/p>\n<p>Nun verabschieden sich die Herren in die Winterpause und starten im n\u00e4chsten Jahr am <strong>10.03.2019<\/strong> in Kollnau zum Auftaktspiel. <\/p>\n<p>Samir Korjenic, Bereichsleiter Sport <\/p>\n<p>Alle Ergebnisse und Spielberichte finden Sie auch auf unserer Webseite <a href=\"http:\/\/www.vfr-voerstetten.de\/\">www.vfr-voerstetten.de<\/a> <\/p>\n","protected":false},"excerpt":{"rendered":"<p>VfR V\u00f6rstetten &#8211; FC Buchholz 0:2 (0:1) Nach dem Ergebnisdebakel am vergangenen Wochenende im Rieselfeld, musste die erste Mannschaft in ihrem letzten Spiel vor der Winterpause gegen die zweitplatzierten Buchholzer antreten. \u00c4hnlich wie im letzten Spiel begannen die V\u00f6rstetter geordnet, &hellip; <a href=\"https:\/\/www.vfr-voerstetten.de\/?p=2965\">Weiterlesen <span class=\"meta-nav\">&rarr;<\/span><\/a><\/p>\n","protected":false},"author":1,"featured_media":0,"comment_status":"closed","ping_status":"closed","sticky":false,"template":"","format":"standard","meta":{"jetpack_post_was_ever_published":false,"_jetpack_newsletter_access":"","_jetpack_dont_email_post_to_subs":false,"_jetpack_newsletter_tier_id":0,"_jetpack_memberships_contains_paywalled_content":false,"_jetpack_memberships_contains_paid_content":false,"footnotes":"","jetpack_publicize_message":"","jetpack_publicize_feature_enabled":true,"jetpack_social_post_already_shared":true,"jetpack_social_options":{"image_generator_settings":{"template":"highway","default_image_id":0,"font":"","enabled":false},"version":2}},"categories":[3],"tags":[],"class_list":["post-2965","post","type-post","status-publish","format-standard","hentry","category-spielberichte"],"jetpack_publicize_connections":[],"jetpack_featured_media_url":"","jetpack_shortlink":"https:\/\/wp.me\/p3Zolv-LP","jetpack_sharing_enabled":true,"_links":{"self":[{"href":"https:\/\/www.vfr-voerstetten.de\/index.php?rest_route=\/wp\/v2\/posts\/2965","targetHints":{"allow":["GET"]}}],"collection":[{"href":"https:\/\/www.vfr-voerstetten.de\/index.php?rest_route=\/wp\/v2\/posts"}],"about":[{"href":"https:\/\/www.vfr-voerstetten.de\/index.php?rest_route=\/wp\/v2\/types\/post"}],"author":[{"embeddable":true,"href":"https:\/\/www.vfr-voerstetten.de\/index.php?rest_route=\/wp\/v2\/users\/1"}],"replies":[{"embeddable":true,"href":"https:\/\/www.vfr-voerstetten.de\/index.php?rest_route=%2Fwp%2Fv2%2Fcomments&post=2965"}],"version-history":[{"count":1,"href":"https:\/\/www.vfr-voerstetten.de\/index.php?rest_route=\/wp\/v2\/posts\/2965\/revisions"}],"predecessor-version":[{"id":2966,"href":"https:\/\/www.vfr-voerstetten.de\/index.php?rest_route=\/wp\/v2\/posts\/2965\/revisions\/2966"}],"wp:attachment":[{"href":"https:\/\/www.vfr-voerstetten.de\/index.php?rest_route=%2Fwp%2Fv2%2Fmedia&parent=2965"}],"wp:term":[{"taxonomy":"category","embeddable":true,"href":"https:\/\/www.vfr-voerstetten.de\/index.php?rest_route=%2Fwp%2Fv2%2Fcategories&post=2965"},{"taxonomy":"post_tag","embeddable":true,"href":"https:\/\/www.vfr-voerstetten.de\/index.php?rest_route=%2Fwp%2Fv2%2Ftags&post=2965"}],"curies":[{"name":"wp","href":"https:\/\/api.w.org\/{rel}","templated":true}]}}